{"id":922,"date":"2022-03-18T17:44:16","date_gmt":"2022-03-18T17:44:16","guid":{"rendered":"https:\/\/www.ediciones-valnera.com\/?p=922"},"modified":"2022-05-21T18:37:46","modified_gmt":"2022-05-21T18:37:46","slug":"damian-campanario","status":"publish","type":"post","link":"https:\/\/www.ediciones-valnera.com\/?p=922","title":{"rendered":"Dami\u00e1n Campanario"},"content":{"rendered":"\n<p>Creci\u00f3 en el barrio de Bellvitge con ganas de llevar la contraria. Naci\u00f3 el 25 de diciembre del 76 y alguien sugiri\u00f3 que le llamaran Jes\u00fas, pero le pusieron Dami\u00e1n. Los profesores le recomendaron estudiar BUP, pero se casc\u00f3 los cinco a\u00f1os de FP. Sus padres creyeron que se hab\u00eda matriculado en COU para continuar sus estudios en una ingenier\u00eda, pero hizo letras para entrar en la licenciatura de Pedagog\u00eda. \u00c9l quer\u00eda hacer Periodismo, pero fracas\u00f3 a la hora de llegar a la nota de corte. Acab\u00f3 trabajando de educador social. Diplomatura que finaliz\u00f3 cuando llevaba a\u00f1os ejerciendo. No se sinti\u00f3 mejor educador en el momento de obtener el t\u00edtulo. Cuando muchos compa\u00f1eros suspendieron unas oposiciones que llevaban veinte a\u00f1os reclamando, \u00e9l decidi\u00f3 aprobarlas. As\u00ed logr\u00f3 salir de los centros de Justicia juvenil, donde llevaba tanto tiempo trabajando, para conseguir un puesto como T\u00e9cnico de Medio Abierto. Cuenta la leyenda que una vez fue al festival de Angouleme con tres proyectos y los vendi\u00f3 todos&#8230; Los editores tambi\u00e9n se quedaron con su alma. Ha sido su mayor \u00e9xito hasta la fecha. Ni hab\u00eda sucedido antes ni se ha repetido despu\u00e9s. Tampoco ha logrado recuperar su alma, algo que le empieza a pesar.<\/p>\n\n\n<div data-block-name=\"woocommerce\/product-tag\" data-tags=\"[100]\" class=\"wc-block-grid wp-block-product-tag wp-block-woocommerce-product-tag wc-block-product-tag has-3-columns has-multiple-rows\"><ul class=\"wc-block-grid__products\"><li class=\"wc-block-grid__product\">\n\t\t\t\t<a href=\"https:\/\/www.ediciones-valnera.com\/?product=el-fracaso-como-una-de-las-bellas-artes\" class=\"wc-block-grid__product-link\">\n\t\t\t\t\t\n\t\t\t\t\t<div class=\"wc-block-grid__product-image\"><img loading=\"lazy\" decoding=\"async\" width=\"300\" height=\"381\" src=\"https:\/\/www.ediciones-valnera.com\/wp-content\/uploads\/2022\/03\/000.-Portada-300x381.jpg\" class=\"attachment-woocommerce_thumbnail size-woocommerce_thumbnail\" alt=\"El fracaso como una de las bellas artes\" srcset=\"https:\/\/www.ediciones-valnera.com\/wp-content\/uploads\/2022\/03\/000.-Portada-300x381.jpg 300w, https:\/\/www.ediciones-valnera.com\/wp-content\/uploads\/2022\/03\/000.-Portada-236x300.jpg 236w, https:\/\/www.ediciones-valnera.com\/wp-content\/uploads\/2022\/03\/000.-Portada-807x1024.jpg 807w, https:\/\/www.ediciones-valnera.com\/wp-content\/uploads\/2022\/03\/000.-Portada-768x975.jpg 768w, https:\/\/www.ediciones-valnera.com\/wp-content\/uploads\/2022\/03\/000.-Portada-1210x1536.jpg 1210w, https:\/\/www.ediciones-valnera.com\/wp-content\/uploads\/2022\/03\/000.-Portada-1614x2048.jpg 1614w, https:\/\/www.ediciones-valnera.com\/wp-content\/uploads\/2022\/03\/000.-Portada-450x571.jpg 450w, https:\/\/www.ediciones-valnera.com\/wp-content\/uploads\/2022\/03\/000.-Portada-scaled.jpg 2017w\" sizes=\"auto, (max-width: 300px) 100vw, 300px\" \/><\/div>\n\t\t\t\t\t<div class=\"wc-block-grid__product-title\">El fracaso como una de las bellas artes<\/div>\n\t\t\t\t<\/a>\n\t\t\t\t<div class=\"wc-block-grid__product-price price\"><span class=\"woocommerce-Price-amount amount\"><span class=\"woocommerce-Price-currencySymbol\">&euro;<\/span>20,00<\/span><\/div>\n\t\t\t\t\n\t\t\t\t<div class=\"wp-block-button wc-block-grid__product-add-to-cart\"><a href=\"https:\/\/www.sddistribuciones.com\/EL-FRACASO-COMO-UNA-DE-LAS-BELLAS-ARTES-ISBN-978-84-124666-5-2-Codigo-VLN,FRABEL01\" aria-label=\"Comprar\" data-quantity=\"1\" data-product_id=\"914\" data-product_sku=\"\" data-price=\"20\" rel=\"nofollow\" class=\"wp-block-button__link  add_to_cart_button\">Comprar<\/a><\/div>\n\t\t\t<\/li><\/ul><\/div>","protected":false},"excerpt":{"rendered":"<p>Creci\u00f3 en el barrio de Bellvitge con ganas de llevar la contraria. Naci\u00f3 el 25 de diciembre del 76 y alguien sugiri\u00f3 que le llamaran Jes\u00fas, pero le pusieron Dami\u00e1n. Los profesores le recomendaron estudiar BUP, pero se casc\u00f3 los cinco a\u00f1os de FP. Sus padres creyeron que se hab\u00eda matriculado en COU para continuar &hellip; <\/p>\n","protected":false},"author":1,"featured_media":923,"comment_status":"open","ping_status":"open","sticky":false,"template":"","format":"standard","meta":{"footnotes":""},"categories":[90],"tags":[],"class_list":["post-922","post","type-post","status-publish","format-standard","has-post-thumbnail","hentry","category-autores"],"_links":{"self":[{"href":"https:\/\/www.ediciones-valnera.com\/index.php?rest_route=\/wp\/v2\/posts\/922","targetHints":{"allow":["GET"]}}],"collection":[{"href":"https:\/\/www.ediciones-valnera.com\/index.php?rest_route=\/wp\/v2\/posts"}],"about":[{"href":"https:\/\/www.ediciones-valnera.com\/index.php?rest_route=\/wp\/v2\/types\/post"}],"author":[{"embeddable":true,"href":"https:\/\/www.ediciones-valnera.com\/index.php?rest_route=\/wp\/v2\/users\/1"}],"replies":[{"embeddable":true,"href":"https:\/\/www.ediciones-valnera.com\/index.php?rest_route=%2Fwp%2Fv2%2Fcomments&post=922"}],"version-history":[{"count":2,"href":"https:\/\/www.ediciones-valnera.com\/index.php?rest_route=\/wp\/v2\/posts\/922\/revisions"}],"predecessor-version":[{"id":959,"href":"https:\/\/www.ediciones-valnera.com\/index.php?rest_route=\/wp\/v2\/posts\/922\/revisions\/959"}],"wp:featuredmedia":[{"embeddable":true,"href":"https:\/\/www.ediciones-valnera.com\/index.php?rest_route=\/wp\/v2\/media\/923"}],"wp:attachment":[{"href":"https:\/\/www.ediciones-valnera.com\/index.php?rest_route=%2Fwp%2Fv2%2Fmedia&parent=922"}],"wp:term":[{"taxonomy":"category","embeddable":true,"href":"https:\/\/www.ediciones-valnera.com\/index.php?rest_route=%2Fwp%2Fv2%2Fcategories&post=922"},{"taxonomy":"post_tag","embeddable":true,"href":"https:\/\/www.ediciones-valnera.com\/index.php?rest_route=%2Fwp%2Fv2%2Ftags&post=922"}],"curies":[{"name":"wp","href":"https:\/\/api.w.org\/{rel}","templated":true}]}}