{"id":445,"date":"2022-01-25T01:55:31","date_gmt":"2022-01-25T01:55:31","guid":{"rendered":"http:\/\/127.0.0.1:10080\/wordpress\/?p=445"},"modified":"2022-02-05T20:31:52","modified_gmt":"2022-02-05T20:31:52","slug":"enrique-v-vegas","status":"publish","type":"post","link":"https:\/\/www.ediciones-valnera.com\/?p=445","title":{"rendered":"Enrique V. Vegas"},"content":{"rendered":"\n<p>Enrique V. Vegas (1967) es segoviano de nacimiento, madrile\u00f1o de formaci\u00f3n y c\u00e1ntabro de adopci\u00f3n. En Madrid estudi\u00f3 Arte Publicitario en la Escuela de Artes y Oficios. Inicialmente abord\u00f3 las historietas con estilo realista, pero deriv\u00f3 pronto hacia el dibujo de personajes bajitos y cabezones con los que ha alcanzado un estilo personal. Tiene series tan celebradas como Juego de cabezones,&nbsp;<em>Han Cholo<\/em>,&nbsp;<em>Los cabezones de las galaxias<\/em>,&nbsp;<em>Espiderman<\/em>,&nbsp;<em>El retorno del cabez\u00f3n,<\/em>&nbsp;Jellboy,&nbsp;<em>El cabez\u00f3n oscuro, El cabez\u00f3n de los anillos, Thorr, Soy leyend\u00f3n, Cabez\u00f3n Jones, Cabezones del Caribe&#8230;<\/em><\/p>\n\n\n\n<p>En 2004 obtuvo el premio del p\u00fablico al mejor autor revelaci\u00f3n en el Sal\u00f3n del C\u00f3mic de Barcelona, y en octubre de 2019 recibi\u00f3 el \u00abPremio Jos\u00e9 Ram\u00f3n S\u00e1nchez\u00bb de c\u00f3mic Ciudad de Santander.<\/p>\n\n\n<div data-block-name=\"woocommerce\/product-tag\" data-content-visibility=\"{&quot;title&quot;:true,&quot;price&quot;:true,&quot;rating&quot;:true,&quot;button&quot;:false}\" data-tags=\"[37]\" class=\"wc-block-grid wp-block-product-tag wp-block-woocommerce-product-tag wc-block-product-tag has-3-columns has-multiple-rows\"><ul class=\"wc-block-grid__products\"><li class=\"wc-block-grid__product\">\n\t\t\t\t<a href=\"https:\/\/www.ediciones-valnera.com\/?product=mitos-de-cantabria\" class=\"wc-block-grid__product-link\">\n\t\t\t\t\t\n\t\t\t\t\t<div class=\"wc-block-grid__product-image\"><img loading=\"lazy\" decoding=\"async\" width=\"288\" height=\"412\" src=\"https:\/\/www.ediciones-valnera.com\/wp-content\/uploads\/2022\/01\/MItos-1.jpg\" class=\"attachment-woocommerce_thumbnail size-woocommerce_thumbnail\" alt=\"Mitos de Cantabria\" srcset=\"https:\/\/www.ediciones-valnera.com\/wp-content\/uploads\/2022\/01\/MItos-1.jpg 288w, https:\/\/www.ediciones-valnera.com\/wp-content\/uploads\/2022\/01\/MItos-1-210x300.jpg 210w\" sizes=\"auto, (max-width: 288px) 100vw, 288px\" \/><\/div>\n\t\t\t\t\t<div class=\"wc-block-grid__product-title\">Mitos de Cantabria<\/div>\n\t\t\t\t<\/a>\n\t\t\t\t<div class=\"wc-block-grid__product-price price\"><span class=\"woocommerce-Price-amount amount\"><span class=\"woocommerce-Price-currencySymbol\">&euro;<\/span>15,00<\/span><\/div>\n\t\t\t\t\n\t\t\t\t\n\t\t\t<\/li><li class=\"wc-block-grid__product\">\n\t\t\t\t<a href=\"https:\/\/www.ediciones-valnera.com\/?product=pasaporte-laredo\" class=\"wc-block-grid__product-link\">\n\t\t\t\t\t\n\t\t\t\t\t<div class=\"wc-block-grid__product-image\"><img loading=\"lazy\" decoding=\"async\" width=\"300\" height=\"451\" src=\"https:\/\/www.ediciones-valnera.com\/wp-content\/uploads\/2022\/01\/Cubierta-Laredo-300x451.jpg\" class=\"attachment-woocommerce_thumbnail size-woocommerce_thumbnail\" alt=\"Pasaporte Laredo\" srcset=\"https:\/\/www.ediciones-valnera.com\/wp-content\/uploads\/2022\/01\/Cubierta-Laredo-300x451.jpg 300w, https:\/\/www.ediciones-valnera.com\/wp-content\/uploads\/2022\/01\/Cubierta-Laredo-200x300.jpg 200w, https:\/\/www.ediciones-valnera.com\/wp-content\/uploads\/2022\/01\/Cubierta-Laredo-681x1024.jpg 681w, https:\/\/www.ediciones-valnera.com\/wp-content\/uploads\/2022\/01\/Cubierta-Laredo-768x1155.jpg 768w, https:\/\/www.ediciones-valnera.com\/wp-content\/uploads\/2022\/01\/Cubierta-Laredo-1022x1536.jpg 1022w, https:\/\/www.ediciones-valnera.com\/wp-content\/uploads\/2022\/01\/Cubierta-Laredo-540x810.jpg 540w, https:\/\/www.ediciones-valnera.com\/wp-content\/uploads\/2022\/01\/Cubierta-Laredo-450x677.jpg 450w, https:\/\/www.ediciones-valnera.com\/wp-content\/uploads\/2022\/01\/Cubierta-Laredo.jpg 1178w\" sizes=\"auto, (max-width: 300px) 100vw, 300px\" \/><\/div>\n\t\t\t\t\t<div class=\"wc-block-grid__product-title\">Pasaporte Laredo<\/div>\n\t\t\t\t<\/a>\n\t\t\t\t<div class=\"wc-block-grid__product-price price\"><\/div>\n\t\t\t\t\n\t\t\t\t\n\t\t\t<\/li><\/ul><\/div>","protected":false},"excerpt":{"rendered":"<p>Enrique V. Vegas (1967) es segoviano de nacimiento, madrile\u00f1o de formaci\u00f3n y c\u00e1ntabro de adopci\u00f3n. En Madrid estudi\u00f3 Arte Publicitario en la Escuela de Artes y Oficios. Inicialmente abord\u00f3 las historietas con estilo realista, pero deriv\u00f3 pronto hacia el dibujo de personajes bajitos y cabezones con los que ha alcanzado un estilo personal. Tiene series &hellip; <\/p>\n","protected":false},"author":1,"featured_media":781,"comment_status":"closed","ping_status":"closed","sticky":false,"template":"","format":"standard","meta":{"footnotes":""},"categories":[90],"tags":[],"class_list":["post-445","post","type-post","status-publish","format-standard","has-post-thumbnail","hentry","category-autores"],"_links":{"self":[{"href":"https:\/\/www.ediciones-valnera.com\/index.php?rest_route=\/wp\/v2\/posts\/445","targetHints":{"allow":["GET"]}}],"collection":[{"href":"https:\/\/www.ediciones-valnera.com\/index.php?rest_route=\/wp\/v2\/posts"}],"about":[{"href":"https:\/\/www.ediciones-valnera.com\/index.php?rest_route=\/wp\/v2\/types\/post"}],"author":[{"embeddable":true,"href":"https:\/\/www.ediciones-valnera.com\/index.php?rest_route=\/wp\/v2\/users\/1"}],"replies":[{"embeddable":true,"href":"https:\/\/www.ediciones-valnera.com\/index.php?rest_route=%2Fwp%2Fv2%2Fcomments&post=445"}],"version-history":[{"count":1,"href":"https:\/\/www.ediciones-valnera.com\/index.php?rest_route=\/wp\/v2\/posts\/445\/revisions"}],"predecessor-version":[{"id":789,"href":"https:\/\/www.ediciones-valnera.com\/index.php?rest_route=\/wp\/v2\/posts\/445\/revisions\/789"}],"wp:featuredmedia":[{"embeddable":true,"href":"https:\/\/www.ediciones-valnera.com\/index.php?rest_route=\/wp\/v2\/media\/781"}],"wp:attachment":[{"href":"https:\/\/www.ediciones-valnera.com\/index.php?rest_route=%2Fwp%2Fv2%2Fmedia&parent=445"}],"wp:term":[{"taxonomy":"category","embeddable":true,"href":"https:\/\/www.ediciones-valnera.com\/index.php?rest_route=%2Fwp%2Fv2%2Fcategories&post=445"},{"taxonomy":"post_tag","embeddable":true,"href":"https:\/\/www.ediciones-valnera.com\/index.php?rest_route=%2Fwp%2Fv2%2Ftags&post=445"}],"curies":[{"name":"wp","href":"https:\/\/api.w.org\/{rel}","templated":true}]}}