{"id":443,"date":"2022-01-25T01:54:24","date_gmt":"2022-01-25T01:54:24","guid":{"rendered":"http:\/\/127.0.0.1:10080\/wordpress\/?p=443"},"modified":"2022-02-05T20:32:19","modified_gmt":"2022-02-05T20:32:19","slug":"rodrigo-lucio","status":"publish","type":"post","link":"https:\/\/www.ediciones-valnera.com\/?p=443","title":{"rendered":"Rodrigo Lucio"},"content":{"rendered":"\n<p>RODRIGO LUCIO (Bogot\u00e1, Colombia) es guionista y editor de\u00a0<strong><a rel=\"noreferrer noopener\" href=\"http:\/\/www.surrealcomics.org\/\" target=\"_blank\">Surreal Comics<\/a><\/strong>. Fot\u00f3grafo y animador 2D, se define como lector de ficci\u00f3n y bokononista. \u00abSiempre me han gustado los c&amp;oacut;mics \u2013dice\u2013. Cuando era ni\u00f1o le\u00eda los\u00a0<em>X-Men<\/em>\u00a0de Marvel. A\u00f1os despu\u00e9s entend\u00ed que fueron una gran influencia a la hora de construir mi conciencia social; el tema de los marginados y el abismo insondable entre humanos (o casi humanos) incapaces de coexistir, me ayud\u00f3 a comprender muchas cosas. Los c\u00f3mics son as\u00ed, parecen un juego de ni\u00f1os porque los lees f\u00e1cil y r\u00e1pido, pero pueden decirte mucho\u00bb.<\/p>\n\n\n<div data-block-name=\"woocommerce\/product-tag\" data-content-visibility=\"{&quot;title&quot;:true,&quot;price&quot;:true,&quot;rating&quot;:true,&quot;button&quot;:false}\" data-tags=\"[77]\" class=\"wc-block-grid wp-block-product-tag wp-block-woocommerce-product-tag wc-block-product-tag has-3-columns has-multiple-rows\"><ul class=\"wc-block-grid__products\"><li class=\"wc-block-grid__product\">\n\t\t\t\t<a href=\"https:\/\/www.ediciones-valnera.com\/?product=la-camara-oscura-del-olimpo\" class=\"wc-block-grid__product-link\">\n\t\t\t\t\t\n\t\t\t\t\t<div class=\"wc-block-grid__product-image\"><img loading=\"lazy\" decoding=\"async\" width=\"300\" height=\"216\" src=\"https:\/\/www.ediciones-valnera.com\/wp-content\/uploads\/2022\/01\/portada_La_camara-1-300x216.jpg\" class=\"attachment-woocommerce_thumbnail size-woocommerce_thumbnail\" alt=\"La c\u00e1mara oscura del Olimpo\" srcset=\"https:\/\/www.ediciones-valnera.com\/wp-content\/uploads\/2022\/01\/portada_La_camara-1-300x216.jpg 300w, https:\/\/www.ediciones-valnera.com\/wp-content\/uploads\/2022\/01\/portada_La_camara-1.jpg 398w\" sizes=\"auto, (max-width: 300px) 100vw, 300px\" \/><\/div>\n\t\t\t\t\t<div class=\"wc-block-grid__product-title\">La c\u00e1mara oscura del Olimpo<\/div>\n\t\t\t\t<\/a>\n\t\t\t\t<div class=\"wc-block-grid__product-price price\"><span class=\"woocommerce-Price-amount amount\"><span class=\"woocommerce-Price-currencySymbol\">&euro;<\/span>24,00<\/span><\/div>\n\t\t\t\t\n\t\t\t\t\n\t\t\t<\/li><\/ul><\/div>","protected":false},"excerpt":{"rendered":"<p>RODRIGO LUCIO (Bogot\u00e1, Colombia) es guionista y editor de\u00a0Surreal Comics. Fot\u00f3grafo y animador 2D, se define como lector de ficci\u00f3n y bokononista. \u00abSiempre me han gustado los c&amp;oacut;mics \u2013dice\u2013. Cuando era ni\u00f1o le\u00eda los\u00a0X-Men\u00a0de Marvel. A\u00f1os despu\u00e9s entend\u00ed que fueron una gran influencia a la hora de construir mi conciencia social; el tema de los &hellip; <\/p>\n","protected":false},"author":1,"featured_media":778,"comment_status":"closed","ping_status":"closed","sticky":false,"template":"","format":"standard","meta":{"footnotes":""},"categories":[90],"tags":[],"class_list":["post-443","post","type-post","status-publish","format-standard","has-post-thumbnail","hentry","category-autores"],"_links":{"self":[{"href":"https:\/\/www.ediciones-valnera.com\/index.php?rest_route=\/wp\/v2\/posts\/443","targetHints":{"allow":["GET"]}}],"collection":[{"href":"https:\/\/www.ediciones-valnera.com\/index.php?rest_route=\/wp\/v2\/posts"}],"about":[{"href":"https:\/\/www.ediciones-valnera.com\/index.php?rest_route=\/wp\/v2\/types\/post"}],"author":[{"embeddable":true,"href":"https:\/\/www.ediciones-valnera.com\/index.php?rest_route=\/wp\/v2\/users\/1"}],"replies":[{"embeddable":true,"href":"https:\/\/www.ediciones-valnera.com\/index.php?rest_route=%2Fwp%2Fv2%2Fcomments&post=443"}],"version-history":[{"count":1,"href":"https:\/\/www.ediciones-valnera.com\/index.php?rest_route=\/wp\/v2\/posts\/443\/revisions"}],"predecessor-version":[{"id":797,"href":"https:\/\/www.ediciones-valnera.com\/index.php?rest_route=\/wp\/v2\/posts\/443\/revisions\/797"}],"wp:featuredmedia":[{"embeddable":true,"href":"https:\/\/www.ediciones-valnera.com\/index.php?rest_route=\/wp\/v2\/media\/778"}],"wp:attachment":[{"href":"https:\/\/www.ediciones-valnera.com\/index.php?rest_route=%2Fwp%2Fv2%2Fmedia&parent=443"}],"wp:term":[{"taxonomy":"category","embeddable":true,"href":"https:\/\/www.ediciones-valnera.com\/index.php?rest_route=%2Fwp%2Fv2%2Fcategories&post=443"},{"taxonomy":"post_tag","embeddable":true,"href":"https:\/\/www.ediciones-valnera.com\/index.php?rest_route=%2Fwp%2Fv2%2Ftags&post=443"}],"curies":[{"name":"wp","href":"https:\/\/api.w.org\/{rel}","templated":true}]}}