{"id":436,"date":"2022-01-25T01:52:18","date_gmt":"2022-01-25T01:52:18","guid":{"rendered":"http:\/\/127.0.0.1:10080\/wordpress\/?p=436"},"modified":"2022-02-05T20:32:41","modified_gmt":"2022-02-05T20:32:41","slug":"fran-mengual","status":"publish","type":"post","link":"https:\/\/www.ediciones-valnera.com\/?p=436","title":{"rendered":"Fran Mengual"},"content":{"rendered":"\n<p>Fran Mengual es un ilustrador y dibujante de c\u00f3mics de Valencia.<\/p>\n\n\n\n<p>En 2006, frustrado, abandona el bachillerato art\u00edstico y decide formarse en disciplinas que le puedan conducir a un camino con m\u00e1s posibilidades. Para ello estudia fotograf\u00eda y audiovisuales.<\/p>\n\n\n\n<p>En 2014 siente que necesita realizar trabajos m\u00e1s creativos y trata de recuperar el tiempo perdido como ilustrador. Estudia en ESAT Arte y Dise\u00f1o, y se grad\u00faa en junio de 2017.<\/p>\n\n\n\n<p>Actualmente trabaja como ilustrador y animador freelance.<\/p>\n\n\n\n<p>Desde 2015 disfruta realizando fanzines y ha participado en diferentes festivales como Tenderete, Sindokma, FAP, Gutter y GRAF. Sus fanzines m\u00e1s conocidos son Tragedias de la gente inc\u00f3moda, El gat c\u00f2smic e INHEAVEN.<\/p>\n\n\n\n<p>En febrero de 2018 gan\u00f3 el segundo premio del Certamen Literario de Fuencarral con el c\u00f3mic Los fantasmas te tienen miedo.<\/p>\n\n\n\n<p>En 2017 realiza su primera novela gr\u00e1fica, LOBOMALO, con la que gan\u00f3 el Premio Novela Gr\u00e1fica del Gobierno de Cantabria, 2019.<\/p>\n\n\n<div data-block-name=\"woocommerce\/product-tag\" data-content-visibility=\"{&quot;title&quot;:true,&quot;price&quot;:true,&quot;rating&quot;:true,&quot;button&quot;:false}\" data-tags=\"[40]\" class=\"wc-block-grid wp-block-product-tag wp-block-woocommerce-product-tag wc-block-product-tag has-3-columns has-multiple-rows\"><ul class=\"wc-block-grid__products\"><li class=\"wc-block-grid__product\">\n\t\t\t\t<a href=\"https:\/\/www.ediciones-valnera.com\/?product=lobomalo\" class=\"wc-block-grid__product-link\">\n\t\t\t\t\t\n\t\t\t\t\t<div class=\"wc-block-grid__product-image\"><img loading=\"lazy\" decoding=\"async\" width=\"288\" height=\"387\" src=\"https:\/\/www.ediciones-valnera.com\/wp-content\/uploads\/2022\/01\/Lobomalo-1.jpg\" class=\"attachment-woocommerce_thumbnail size-woocommerce_thumbnail\" alt=\"Lobomalo\" srcset=\"https:\/\/www.ediciones-valnera.com\/wp-content\/uploads\/2022\/01\/Lobomalo-1.jpg 288w, https:\/\/www.ediciones-valnera.com\/wp-content\/uploads\/2022\/01\/Lobomalo-1-223x300.jpg 223w\" sizes=\"auto, (max-width: 288px) 100vw, 288px\" \/><\/div>\n\t\t\t\t\t<div class=\"wc-block-grid__product-title\">Lobomalo<\/div>\n\t\t\t\t<\/a>\n\t\t\t\t<div class=\"wc-block-grid__product-price price\"><span class=\"woocommerce-Price-amount amount\"><span class=\"woocommerce-Price-currencySymbol\">&euro;<\/span>24,00<\/span><\/div>\n\t\t\t\t\n\t\t\t\t\n\t\t\t<\/li><\/ul><\/div>","protected":false},"excerpt":{"rendered":"<p>Fran Mengual es un ilustrador y dibujante de c\u00f3mics de Valencia. En 2006, frustrado, abandona el bachillerato art\u00edstico y decide formarse en disciplinas que le puedan conducir a un camino con m\u00e1s posibilidades. Para ello estudia fotograf\u00eda y audiovisuales. En 2014 siente que necesita realizar trabajos m\u00e1s creativos y trata de recuperar el tiempo perdido &hellip; <\/p>\n","protected":false},"author":1,"featured_media":772,"comment_status":"closed","ping_status":"closed","sticky":false,"template":"","format":"standard","meta":{"footnotes":""},"categories":[90],"tags":[],"class_list":["post-436","post","type-post","status-publish","format-standard","has-post-thumbnail","hentry","category-autores"],"_links":{"self":[{"href":"https:\/\/www.ediciones-valnera.com\/index.php?rest_route=\/wp\/v2\/posts\/436","targetHints":{"allow":["GET"]}}],"collection":[{"href":"https:\/\/www.ediciones-valnera.com\/index.php?rest_route=\/wp\/v2\/posts"}],"about":[{"href":"https:\/\/www.ediciones-valnera.com\/index.php?rest_route=\/wp\/v2\/types\/post"}],"author":[{"embeddable":true,"href":"https:\/\/www.ediciones-valnera.com\/index.php?rest_route=\/wp\/v2\/users\/1"}],"replies":[{"embeddable":true,"href":"https:\/\/www.ediciones-valnera.com\/index.php?rest_route=%2Fwp%2Fv2%2Fcomments&post=436"}],"version-history":[{"count":2,"href":"https:\/\/www.ediciones-valnera.com\/index.php?rest_route=\/wp\/v2\/posts\/436\/revisions"}],"predecessor-version":[{"id":806,"href":"https:\/\/www.ediciones-valnera.com\/index.php?rest_route=\/wp\/v2\/posts\/436\/revisions\/806"}],"wp:featuredmedia":[{"embeddable":true,"href":"https:\/\/www.ediciones-valnera.com\/index.php?rest_route=\/wp\/v2\/media\/772"}],"wp:attachment":[{"href":"https:\/\/www.ediciones-valnera.com\/index.php?rest_route=%2Fwp%2Fv2%2Fmedia&parent=436"}],"wp:term":[{"taxonomy":"category","embeddable":true,"href":"https:\/\/www.ediciones-valnera.com\/index.php?rest_route=%2Fwp%2Fv2%2Fcategories&post=436"},{"taxonomy":"post_tag","embeddable":true,"href":"https:\/\/www.ediciones-valnera.com\/index.php?rest_route=%2Fwp%2Fv2%2Ftags&post=436"}],"curies":[{"name":"wp","href":"https:\/\/api.w.org\/{rel}","templated":true}]}}