{"id":431,"date":"2022-01-25T01:50:33","date_gmt":"2022-01-25T01:50:33","guid":{"rendered":"http:\/\/127.0.0.1:10080\/wordpress\/?p=431"},"modified":"2022-02-05T20:33:13","modified_gmt":"2022-02-05T20:33:13","slug":"jose-antonio-abella","status":"publish","type":"post","link":"https:\/\/www.ediciones-valnera.com\/?p=431","title":{"rendered":"Jos\u00e9 Antonio Abella"},"content":{"rendered":"\n<p>Jos\u00e9 Antonio Abella naci\u00f3 en Burgos, en 1956. Ha compaginado su trabajo como m\u00e9dico rural con la literatura y la escultura, aunque en la actualidad se dedica por completo a la creaci\u00f3n literaria. En 1992 fue publicada su primera novela,&nbsp;<em>Yuda<\/em>, reeditada en 2006 y en 2014, as\u00ed como un breve ensayo:&nbsp;<em>La realidad posible (hacia un compromiso del arte)<\/em>. Fue coordinador y coautor de la obra&nbsp;<em>Segovia, ecolog\u00eda y paisaje<\/em>&nbsp;(1993). Siguieron las novelas&nbsp;<em>La esfera de humo<\/em>&nbsp;(1995) y&nbsp;<em>Cr\u00f3nicas de Umbroso<\/em>&nbsp;(2001), reeditada en M\u00e9xico al a\u00f1o siguiente. En 2003 se public\u00f3 su gu\u00eda segoviana&nbsp;<em>Balc\u00f3n de la mirada<\/em>. Obras literarias posteriores fueron&nbsp;<em>La tierra leve<\/em>&nbsp;(2006) y el libro de relatos&nbsp;<em>Unas pocas palabras verdaderas<\/em>&nbsp;(2010), tres de cuyas narraciones recibieron los premios&nbsp;<em>Hucha de Oro<\/em>,&nbsp;<em>Encarna Le\u00f3n<\/em>&nbsp;y&nbsp;<em>Emiliano Barral<\/em>. En 2013 vio la luz La sonrisa robada, novela por la que fue galardonado en 2014 con el&nbsp;<em>Premio de la Cr\u00edtica de Castilla y Le\u00f3n.<br><\/em><\/p>\n\n\n\n<p>Su novela\u00a0<em>El hombre pez<\/em>\u00a0ha sido publicada en 2017 en esta misma colecci\u00f3n, y reeditada en 2018.<\/p>\n\n\n<div data-block-name=\"woocommerce\/product-tag\" data-content-visibility=\"{&quot;title&quot;:true,&quot;price&quot;:true,&quot;rating&quot;:true,&quot;button&quot;:false}\" data-tags=\"[58]\" class=\"wc-block-grid wp-block-product-tag wp-block-woocommerce-product-tag wc-block-product-tag has-3-columns has-multiple-rows\"><ul class=\"wc-block-grid__products\"><li class=\"wc-block-grid__product\">\n\t\t\t\t<a href=\"https:\/\/www.ediciones-valnera.com\/?product=cancer-imperator\" class=\"wc-block-grid__product-link\">\n\t\t\t\t\t\n\t\t\t\t\t<div class=\"wc-block-grid__product-image\"><img loading=\"lazy\" decoding=\"async\" width=\"300\" height=\"417\" src=\"https:\/\/www.ediciones-valnera.com\/wp-content\/uploads\/2024\/04\/Cubierta-Cancer-Imperator-1-300x417.jpg\" class=\"attachment-woocommerce_thumbnail size-woocommerce_thumbnail\" alt=\"C\u00e1ncer imperator\" srcset=\"https:\/\/www.ediciones-valnera.com\/wp-content\/uploads\/2024\/04\/Cubierta-Cancer-Imperator-1-300x417.jpg 300w, https:\/\/www.ediciones-valnera.com\/wp-content\/uploads\/2024\/04\/Cubierta-Cancer-Imperator-1-216x300.jpg 216w, https:\/\/www.ediciones-valnera.com\/wp-content\/uploads\/2024\/04\/Cubierta-Cancer-Imperator-1-736x1024.jpg 736w, https:\/\/www.ediciones-valnera.com\/wp-content\/uploads\/2024\/04\/Cubierta-Cancer-Imperator-1-768x1068.jpg 768w, https:\/\/www.ediciones-valnera.com\/wp-content\/uploads\/2024\/04\/Cubierta-Cancer-Imperator-1-1105x1536.jpg 1105w, https:\/\/www.ediciones-valnera.com\/wp-content\/uploads\/2024\/04\/Cubierta-Cancer-Imperator-1-1473x2048.jpg 1473w, https:\/\/www.ediciones-valnera.com\/wp-content\/uploads\/2024\/04\/Cubierta-Cancer-Imperator-1-450x626.jpg 450w, https:\/\/www.ediciones-valnera.com\/wp-content\/uploads\/2024\/04\/Cubierta-Cancer-Imperator-1-scaled.jpg 1841w\" sizes=\"auto, (max-width: 300px) 100vw, 300px\" \/><\/div>\n\t\t\t\t\t<div class=\"wc-block-grid__product-title\">C\u00e1ncer imperator<\/div>\n\t\t\t\t<\/a>\n\t\t\t\t<div class=\"wc-block-grid__product-price price\"><span class=\"woocommerce-Price-amount amount\"><span class=\"woocommerce-Price-currencySymbol\">&euro;<\/span>20,00<\/span><\/div>\n\t\t\t\t\n\t\t\t\t\n\t\t\t<\/li><li class=\"wc-block-grid__product\">\n\t\t\t\t<a href=\"https:\/\/www.ediciones-valnera.com\/?product=agnus-dei\" class=\"wc-block-grid__product-link\">\n\t\t\t\t\t\n\t\t\t\t\t<div class=\"wc-block-grid__product-image\"><img loading=\"lazy\" decoding=\"async\" width=\"300\" height=\"471\" src=\"https:\/\/www.ediciones-valnera.com\/wp-content\/uploads\/2022\/08\/Portada-Agnus-diaboli-300x471.jpg\" class=\"attachment-woocommerce_thumbnail size-woocommerce_thumbnail\" alt=\"Agnus diaboli\" srcset=\"https:\/\/www.ediciones-valnera.com\/wp-content\/uploads\/2022\/08\/Portada-Agnus-diaboli-300x471.jpg 300w, https:\/\/www.ediciones-valnera.com\/wp-content\/uploads\/2022\/08\/Portada-Agnus-diaboli-191x300.jpg 191w, https:\/\/www.ediciones-valnera.com\/wp-content\/uploads\/2022\/08\/Portada-Agnus-diaboli-653x1024.jpg 653w, https:\/\/www.ediciones-valnera.com\/wp-content\/uploads\/2022\/08\/Portada-Agnus-diaboli-768x1205.jpg 768w, https:\/\/www.ediciones-valnera.com\/wp-content\/uploads\/2022\/08\/Portada-Agnus-diaboli-979x1536.jpg 979w, https:\/\/www.ediciones-valnera.com\/wp-content\/uploads\/2022\/08\/Portada-Agnus-diaboli-1305x2048.jpg 1305w, https:\/\/www.ediciones-valnera.com\/wp-content\/uploads\/2022\/08\/Portada-Agnus-diaboli-450x706.jpg 450w, https:\/\/www.ediciones-valnera.com\/wp-content\/uploads\/2022\/08\/Portada-Agnus-diaboli-scaled.jpg 1632w\" sizes=\"auto, (max-width: 300px) 100vw, 300px\" \/><\/div>\n\t\t\t\t\t<div class=\"wc-block-grid__product-title\">Agnus diaboli<\/div>\n\t\t\t\t<\/a>\n\t\t\t\t<div class=\"wc-block-grid__product-price price\"><span class=\"woocommerce-Price-amount amount\"><span class=\"woocommerce-Price-currencySymbol\">&euro;<\/span>24,00<\/span><\/div>\n\t\t\t\t\n\t\t\t\t\n\t\t\t<\/li><li class=\"wc-block-grid__product\">\n\t\t\t\t<a href=\"https:\/\/www.ediciones-valnera.com\/?product=aquel-mar-que-nunca-vimos\" class=\"wc-block-grid__product-link\">\n\t\t\t\t\t\n\t\t\t\t\t<div class=\"wc-block-grid__product-image\"><img loading=\"lazy\" decoding=\"async\" width=\"300\" height=\"467\" src=\"https:\/\/www.ediciones-valnera.com\/wp-content\/uploads\/2022\/01\/Aquel-mar-8-300x467.jpg\" class=\"attachment-woocommerce_thumbnail size-woocommerce_thumbnail\" alt=\"Aquel mar que nunca vimos\" srcset=\"https:\/\/www.ediciones-valnera.com\/wp-content\/uploads\/2022\/01\/Aquel-mar-8-300x467.jpg 300w, https:\/\/www.ediciones-valnera.com\/wp-content\/uploads\/2022\/01\/Aquel-mar-8-193x300.jpg 193w, https:\/\/www.ediciones-valnera.com\/wp-content\/uploads\/2022\/01\/Aquel-mar-8-658x1024.jpg 658w, https:\/\/www.ediciones-valnera.com\/wp-content\/uploads\/2022\/01\/Aquel-mar-8-768x1195.jpg 768w, https:\/\/www.ediciones-valnera.com\/wp-content\/uploads\/2022\/01\/Aquel-mar-8-987x1536.jpg 987w, https:\/\/www.ediciones-valnera.com\/wp-content\/uploads\/2022\/01\/Aquel-mar-8-450x700.jpg 450w, https:\/\/www.ediciones-valnera.com\/wp-content\/uploads\/2022\/01\/Aquel-mar-8.jpg 1028w\" sizes=\"auto, (max-width: 300px) 100vw, 300px\" \/><\/div>\n\t\t\t\t\t<div class=\"wc-block-grid__product-title\">Aquel mar que nunca vimos<\/div>\n\t\t\t\t<\/a>\n\t\t\t\t<div class=\"wc-block-grid__product-price price\"><span class=\"woocommerce-Price-amount amount\"><span class=\"woocommerce-Price-currencySymbol\">&euro;<\/span>24,00<\/span><\/div>\n\t\t\t\t\n\t\t\t\t\n\t\t\t<\/li><li class=\"wc-block-grid__product\">\n\t\t\t\t<a href=\"https:\/\/www.ediciones-valnera.com\/?product=trampas-de-niebla\" class=\"wc-block-grid__product-link\">\n\t\t\t\t\t\n\t\t\t\t\t<div class=\"wc-block-grid__product-image\"><img loading=\"lazy\" decoding=\"async\" width=\"288\" height=\"439\" src=\"https:\/\/www.ediciones-valnera.com\/wp-content\/uploads\/2022\/01\/trampas-de-niebla-1.jpg\" class=\"attachment-woocommerce_thumbnail size-woocommerce_thumbnail\" alt=\"Trampas de niebla\" srcset=\"https:\/\/www.ediciones-valnera.com\/wp-content\/uploads\/2022\/01\/trampas-de-niebla-1.jpg 288w, https:\/\/www.ediciones-valnera.com\/wp-content\/uploads\/2022\/01\/trampas-de-niebla-1-197x300.jpg 197w\" sizes=\"auto, (max-width: 288px) 100vw, 288px\" \/><\/div>\n\t\t\t\t\t<div class=\"wc-block-grid__product-title\">Trampas de niebla<\/div>\n\t\t\t\t<\/a>\n\t\t\t\t<div class=\"wc-block-grid__product-price price\"><span class=\"woocommerce-Price-amount amount\"><span class=\"woocommerce-Price-currencySymbol\">&euro;<\/span>18,00<\/span><\/div>\n\t\t\t\t\n\t\t\t\t\n\t\t\t<\/li><li class=\"wc-block-grid__product\">\n\t\t\t\t<a href=\"https:\/\/www.ediciones-valnera.com\/?product=el-hombre-pez\" class=\"wc-block-grid__product-link\">\n\t\t\t\t\t\n\t\t\t\t\t<div class=\"wc-block-grid__product-image\"><img loading=\"lazy\" decoding=\"async\" width=\"288\" height=\"446\" src=\"https:\/\/www.ediciones-valnera.com\/wp-content\/uploads\/2022\/01\/El_hombre_pez-1.jpg\" class=\"attachment-woocommerce_thumbnail size-woocommerce_thumbnail\" alt=\"El hombre pez\" srcset=\"https:\/\/www.ediciones-valnera.com\/wp-content\/uploads\/2022\/01\/El_hombre_pez-1.jpg 288w, https:\/\/www.ediciones-valnera.com\/wp-content\/uploads\/2022\/01\/El_hombre_pez-1-194x300.jpg 194w\" sizes=\"auto, (max-width: 288px) 100vw, 288px\" \/><\/div>\n\t\t\t\t\t<div class=\"wc-block-grid__product-title\">El hombre pez<\/div>\n\t\t\t\t<\/a>\n\t\t\t\t<div class=\"wc-block-grid__product-price price\"><span class=\"woocommerce-Price-amount amount\"><span class=\"woocommerce-Price-currencySymbol\">&euro;<\/span>18,00<\/span><\/div>\n\t\t\t\t\n\t\t\t\t\n\t\t\t<\/li><\/ul><\/div>","protected":false},"excerpt":{"rendered":"<p>Jos\u00e9 Antonio Abella naci\u00f3 en Burgos, en 1956. Ha compaginado su trabajo como m\u00e9dico rural con la literatura y la escultura, aunque en la actualidad se dedica por completo a la creaci\u00f3n literaria. En 1992 fue publicada su primera novela,&nbsp;Yuda, reeditada en 2006 y en 2014, as\u00ed como un breve ensayo:&nbsp;La realidad posible (hacia un &hellip; <\/p>\n","protected":false},"author":1,"featured_media":766,"comment_status":"closed","ping_status":"closed","sticky":false,"template":"","format":"standard","meta":{"footnotes":""},"categories":[90],"tags":[],"class_list":["post-431","post","type-post","status-publish","format-standard","has-post-thumbnail","hentry","category-autores"],"_links":{"self":[{"href":"https:\/\/www.ediciones-valnera.com\/index.php?rest_route=\/wp\/v2\/posts\/431","targetHints":{"allow":["GET"]}}],"collection":[{"href":"https:\/\/www.ediciones-valnera.com\/index.php?rest_route=\/wp\/v2\/posts"}],"about":[{"href":"https:\/\/www.ediciones-valnera.com\/index.php?rest_route=\/wp\/v2\/types\/post"}],"author":[{"embeddable":true,"href":"https:\/\/www.ediciones-valnera.com\/index.php?rest_route=\/wp\/v2\/users\/1"}],"replies":[{"embeddable":true,"href":"https:\/\/www.ediciones-valnera.com\/index.php?rest_route=%2Fwp%2Fv2%2Fcomments&post=431"}],"version-history":[{"count":2,"href":"https:\/\/www.ediciones-valnera.com\/index.php?rest_route=\/wp\/v2\/posts\/431\/revisions"}],"predecessor-version":[{"id":814,"href":"https:\/\/www.ediciones-valnera.com\/index.php?rest_route=\/wp\/v2\/posts\/431\/revisions\/814"}],"wp:featuredmedia":[{"embeddable":true,"href":"https:\/\/www.ediciones-valnera.com\/index.php?rest_route=\/wp\/v2\/media\/766"}],"wp:attachment":[{"href":"https:\/\/www.ediciones-valnera.com\/index.php?rest_route=%2Fwp%2Fv2%2Fmedia&parent=431"}],"wp:term":[{"taxonomy":"category","embeddable":true,"href":"https:\/\/www.ediciones-valnera.com\/index.php?rest_route=%2Fwp%2Fv2%2Fcategories&post=431"},{"taxonomy":"post_tag","embeddable":true,"href":"https:\/\/www.ediciones-valnera.com\/index.php?rest_route=%2Fwp%2Fv2%2Ftags&post=431"}],"curies":[{"name":"wp","href":"https:\/\/api.w.org\/{rel}","templated":true}]}}