{"id":412,"date":"2022-01-24T01:24:18","date_gmt":"2022-01-24T01:24:18","guid":{"rendered":"http:\/\/127.0.0.1:10080\/wordpress\/?p=412"},"modified":"2022-02-05T20:33:50","modified_gmt":"2022-02-05T20:33:50","slug":"manuel-perez-saiz","status":"publish","type":"post","link":"https:\/\/www.ediciones-valnera.com\/?p=412","title":{"rendered":"Manuel P\u00e9rez Saiz"},"content":{"rendered":"\n<p>Naci\u00f3 en Cabez\u00f3n de la Sal en 1965. Se licenci\u00f3 en Filolog\u00eda Hisp\u00e1nica en la Universidad de Oviedo y se doctor\u00f3 en la University of Pittsburgh. Desde 1997 es profesor de Gram\u00e1tica en la Universidad de Cantabria. A lo largo de su vida, ha publicado numerosos relatos breves en diversas revistas especializadas de car\u00e1cter universitario, manteniendo un contacto constante con la creaci\u00f3n art\u00edstica literaria. Paralelamente, ha venido desarrollando una faceta investigadora centrada en la ense\u00f1anza de la gram\u00e1tica del espa\u00f1ol como segunda lengua. La principal aportaci\u00f3n bibliogr\u00e1fica en tal sentido fue la publicaci\u00f3n, en 2009, del\u00a0<em>M\u00e9todo de los Relojes. Gram\u00e1tica descriptiva del espa\u00f1ol<\/em>. En la actualidad, dirige el Aula de Letras de la UC.<\/p>\n\n\n<div data-block-name=\"woocommerce\/product-tag\" data-content-visibility=\"{&quot;title&quot;:true,&quot;price&quot;:true,&quot;rating&quot;:true,&quot;button&quot;:false}\" data-tags=\"[68]\" class=\"wc-block-grid wp-block-product-tag wp-block-woocommerce-product-tag wc-block-product-tag has-3-columns has-multiple-rows\"><ul class=\"wc-block-grid__products\"><li class=\"wc-block-grid__product\">\n\t\t\t\t<a href=\"https:\/\/www.ediciones-valnera.com\/?product=escarcha-en-tus-pestanas\" class=\"wc-block-grid__product-link\">\n\t\t\t\t\t\n\t\t\t\t\t<div class=\"wc-block-grid__product-image\"><img loading=\"lazy\" decoding=\"async\" width=\"258\" height=\"390\" src=\"https:\/\/www.ediciones-valnera.com\/wp-content\/uploads\/2022\/01\/Escarcha_en_tus_pestanas-1.jpg\" class=\"attachment-woocommerce_thumbnail size-woocommerce_thumbnail\" alt=\"Escarcha en tus pesta\u00f1as\" srcset=\"https:\/\/www.ediciones-valnera.com\/wp-content\/uploads\/2022\/01\/Escarcha_en_tus_pestanas-1.jpg 258w, https:\/\/www.ediciones-valnera.com\/wp-content\/uploads\/2022\/01\/Escarcha_en_tus_pestanas-1-198x300.jpg 198w\" sizes=\"auto, (max-width: 258px) 100vw, 258px\" \/><\/div>\n\t\t\t\t\t<div class=\"wc-block-grid__product-title\">Escarcha en tus pesta\u00f1as<\/div>\n\t\t\t\t<\/a>\n\t\t\t\t<div class=\"wc-block-grid__product-price price\"><span class=\"woocommerce-Price-amount amount\"><span class=\"woocommerce-Price-currencySymbol\">&euro;<\/span>18,00<\/span><\/div>\n\t\t\t\t\n\t\t\t\t\n\t\t\t<\/li><\/ul><\/div>","protected":false},"excerpt":{"rendered":"<p>Naci\u00f3 en Cabez\u00f3n de la Sal en 1965. Se licenci\u00f3 en Filolog\u00eda Hisp\u00e1nica en la Universidad de Oviedo y se doctor\u00f3 en la University of Pittsburgh. Desde 1997 es profesor de Gram\u00e1tica en la Universidad de Cantabria. A lo largo de su vida, ha publicado numerosos relatos breves en diversas revistas especializadas de car\u00e1cter universitario, &hellip; <\/p>\n","protected":false},"author":1,"featured_media":760,"comment_status":"closed","ping_status":"closed","sticky":false,"template":"","format":"standard","meta":{"footnotes":""},"categories":[90],"tags":[],"class_list":["post-412","post","type-post","status-publish","format-standard","has-post-thumbnail","hentry","category-autores"],"_links":{"self":[{"href":"https:\/\/www.ediciones-valnera.com\/index.php?rest_route=\/wp\/v2\/posts\/412","targetHints":{"allow":["GET"]}}],"collection":[{"href":"https:\/\/www.ediciones-valnera.com\/index.php?rest_route=\/wp\/v2\/posts"}],"about":[{"href":"https:\/\/www.ediciones-valnera.com\/index.php?rest_route=\/wp\/v2\/types\/post"}],"author":[{"embeddable":true,"href":"https:\/\/www.ediciones-valnera.com\/index.php?rest_route=\/wp\/v2\/users\/1"}],"replies":[{"embeddable":true,"href":"https:\/\/www.ediciones-valnera.com\/index.php?rest_route=%2Fwp%2Fv2%2Fcomments&post=412"}],"version-history":[{"count":1,"href":"https:\/\/www.ediciones-valnera.com\/index.php?rest_route=\/wp\/v2\/posts\/412\/revisions"}],"predecessor-version":[{"id":821,"href":"https:\/\/www.ediciones-valnera.com\/index.php?rest_route=\/wp\/v2\/posts\/412\/revisions\/821"}],"wp:featuredmedia":[{"embeddable":true,"href":"https:\/\/www.ediciones-valnera.com\/index.php?rest_route=\/wp\/v2\/media\/760"}],"wp:attachment":[{"href":"https:\/\/www.ediciones-valnera.com\/index.php?rest_route=%2Fwp%2Fv2%2Fmedia&parent=412"}],"wp:term":[{"taxonomy":"category","embeddable":true,"href":"https:\/\/www.ediciones-valnera.com\/index.php?rest_route=%2Fwp%2Fv2%2Fcategories&post=412"},{"taxonomy":"post_tag","embeddable":true,"href":"https:\/\/www.ediciones-valnera.com\/index.php?rest_route=%2Fwp%2Fv2%2Ftags&post=412"}],"curies":[{"name":"wp","href":"https:\/\/api.w.org\/{rel}","templated":true}]}}